{"id":16585,"date":"2025-09-09T14:53:35","date_gmt":"2025-09-09T12:53:35","guid":{"rendered":"https:\/\/www.crl10.org\/?p=16585"},"modified":"2025-09-17T17:07:47","modified_gmt":"2025-09-17T15:07:47","slug":"terres-de-jemmapes-un-coin-de-verdure-en-plein-coeur-de-paris","status":"publish","type":"post","link":"https:\/\/www.crl10.net\/index.php\/2025\/09\/09\/terres-de-jemmapes-un-coin-de-verdure-en-plein-coeur-de-paris\/","title":{"rendered":"Terres de Jemmapes : un coin de verdure en plein c\u0153ur de Paris"},"content":{"rendered":"\t\t<div data-elementor-type=\"wp-post\" data-elementor-id=\"16585\" class=\"elementor elementor-16585\" data-elementor-post-type=\"post\">\n\t\t\t\t\t\t<section class=\"elementor-section elementor-top-section elementor-element elementor-element-1e2cbcfa elementor-section-boxed elementor-section-height-default elementor-section-height-default\" data-id=\"1e2cbcfa\" data-element_type=\"section\">\n\t\t\t\t\t\t<div class=\"elementor-container elementor-column-gap-default\">\n\t\t\t\t\t<div class=\"elementor-column elementor-col-100 elementor-top-column elementor-element elementor-element-21f03a4\" data-id=\"21f03a4\" data-element_type=\"column\">\n\t\t\t<div class=\"elementor-widget-wrap elementor-element-populated\">\n\t\t\t\t\t\t<div class=\"elementor-element elementor-element-775151e5 elementor-widget elementor-widget-heading\" data-id=\"775151e5\" data-element_type=\"widget\" data-widget_type=\"heading.default\">\n\t\t\t\t<div class=\"elementor-widget-container\">\n\t\t\t<style>\/*! elementor - v3.22.0 - 26-06-2024 *\/\n.elementor-heading-title{padding:0;margin:0;line-height:1}.elementor-widget-heading .elementor-heading-title[class*=elementor-size-]>a{color:inherit;font-size:inherit;line-height:inherit}.elementor-widget-heading .elementor-heading-title.elementor-size-small{font-size:15px}.elementor-widget-heading .elementor-heading-title.elementor-size-medium{font-size:19px}.elementor-widget-heading .elementor-heading-title.elementor-size-large{font-size:29px}.elementor-widget-heading .elementor-heading-title.elementor-size-xl{font-size:39px}.elementor-widget-heading .elementor-heading-title.elementor-size-xxl{font-size:59px}<\/style><p class=\"elementor-heading-title elementor-size-medium\">Depuis l\u2019\u00e9t\u00e9 2023, la cour de l\u2019espace Jemmapes s\u2019est peu \u00e0 peu transform\u00e9e en jardin. Baptis\u00e9 \u201cTerres de Jemmapes : les jolies pousses du Canal\u201d, ce lieu de d\u00e9tente, ouvert \u00e0 toutes et \u00e0 tous, h\u00e9berge un grand nombre de v\u00e9g\u00e9taux initialement destin\u00e9s \u00e0 l'abandon. Il est \u00e9galement un refuge labellis\u00e9 \u201cLigue de la Protection des Oiseaux\u201d (LPO), en offrant un abri \u00e0 des esp\u00e8ces menac\u00e9es \u00e0 Paris. <\/p>\t\t<\/div>\n\t\t\t\t<\/div>\n\t\t\t\t\t<\/div>\n\t\t<\/div>\n\t\t\t\t\t<\/div>\n\t\t<\/section>\n\t\t\t\t<section class=\"elementor-section elementor-top-section elementor-element elementor-element-66b7c659 elementor-section-boxed elementor-section-height-default elementor-section-height-default\" data-id=\"66b7c659\" data-element_type=\"section\">\n\t\t\t\t\t\t<div class=\"elementor-container elementor-column-gap-default\">\n\t\t\t\t\t<div class=\"elementor-column elementor-col-100 elementor-top-column elementor-element elementor-element-6dc36aca\" data-id=\"6dc36aca\" data-element_type=\"column\">\n\t\t\t<div class=\"elementor-widget-wrap elementor-element-populated\">\n\t\t\t\t\t\t<div class=\"elementor-element elementor-element-7d66f3f9 elementor-widget elementor-widget-text-editor\" data-id=\"7d66f3f9\" data-element_type=\"widget\" data-widget_type=\"text-editor.default\">\n\t\t\t\t<div class=\"elementor-widget-container\">\n\t\t\t<style>\/*! elementor - v3.22.0 - 26-06-2024 *\/\n.elementor-widget-text-editor.elementor-drop-cap-view-stacked .elementor-drop-cap{background-color:#69727d;color:#fff}.elementor-widget-text-editor.elementor-drop-cap-view-framed .elementor-drop-cap{color:#69727d;border:3px solid;background-color:transparent}.elementor-widget-text-editor:not(.elementor-drop-cap-view-default) .elementor-drop-cap{margin-top:8px}.elementor-widget-text-editor:not(.elementor-drop-cap-view-default) .elementor-drop-cap-letter{width:1em;height:1em}.elementor-widget-text-editor .elementor-drop-cap{float:left;text-align:center;line-height:1;font-size:50px}.elementor-widget-text-editor .elementor-drop-cap-letter{display:inline-block}<\/style>\t\t\t\t<p><span style=\"font-weight: 400;\">Il f\u00eate ses deux ans cet \u00e9t\u00e9. Au d\u00e9part modeste cour compos\u00e9e de quelques tables en bois, le jardin de l\u2019espace Jemmapes a bien grandi. Entre 500 et 600 plantes, des rosiers aux jasmi<\/span><span style=\"font-weight: 400;\">ns, habitent <\/span><span style=\"font-weight: 400;\">d\u00e9sormais l\u2019endroit o\u00f9 viennent se d\u00e9tendre les usagers et les salari\u00e9s du centre.\u00a0<\/span><\/p><p><span style=\"font-weight: 400;\">Tout commence par une initiative personnelle. <\/span><i><span style=\"font-weight: 400;\">\u201cJ\u2019ai toujours beaucoup aim\u00e9 les plantes\u201d,<\/span><\/i><span style=\"font-weight: 400;\"> explique Gunnel, secr\u00e9taire du bureau du CRL10. \u201c<\/span><i><span style=\"font-weight: 400;\">Je passais r\u00e9guli\u00e8remen<\/span><\/i><i><span style=\"font-weight: 400;\">t devant le rayon <\/span><\/i><i><span style=\"font-weight: 400;\">jardinage de Monsieur Bricolage, et, un jour, j\u2019ai d\u00e9couvert qu\u2019elles \u00e9taient jet\u00e9es quand elles commen\u00e7aient \u00e0 d\u00e9p\u00e9rir. Je me suis dit\u202f que ce n\u2019\u00e9tait pas possible de ne rien faire.\u201d<\/span><\/i><span style=\"font-weight: 400;\"> Ainsi est n\u00e9e l\u2019id\u00e9e d\u2019un \u201ch\u00f4pital des plantes\u201d\u202f: un espace d\u00e9di\u00e9 \u00e0 la r\u00e9cup\u00e9ration et aux soins de ces v\u00e9g\u00e9taux abandonn\u00e9s, afin de leur offrir une nouvelle vie.<\/span><\/p>\t\t\t\t\t\t<\/div>\n\t\t\t\t<\/div>\n\t\t\t\t\t<\/div>\n\t\t<\/div>\n\t\t\t\t\t<\/div>\n\t\t<\/section>\n\t\t\t\t<section class=\"elementor-section elementor-top-section elementor-element elementor-element-d2a016 elementor-section-boxed elementor-section-height-default elementor-section-height-default\" data-id=\"d2a016\" data-element_type=\"section\">\n\t\t\t\t\t\t<div class=\"elementor-container elementor-column-gap-default\">\n\t\t\t\t\t<div class=\"elementor-column elementor-col-100 elementor-top-column elementor-element elementor-element-45f739d0\" data-id=\"45f739d0\" data-element_type=\"column\">\n\t\t\t<div class=\"elementor-widget-wrap elementor-element-populated\">\n\t\t\t\t\t\t<div class=\"elementor-element elementor-element-6e6e24d2 elementor-widget elementor-widget-heading\" data-id=\"6e6e24d2\" data-element_type=\"widget\" data-widget_type=\"heading.default\">\n\t\t\t\t<div class=\"elementor-widget-container\">\n\t\t\t<h2 class=\"elementor-heading-title elementor-size-medium\">Abeilles et rouge-gorges<\/h2>\t\t<\/div>\n\t\t\t\t<\/div>\n\t\t\t\t\t<\/div>\n\t\t<\/div>\n\t\t\t\t\t<\/div>\n\t\t<\/section>\n\t\t\t\t<section class=\"elementor-section elementor-top-section elementor-element elementor-element-50637265 elementor-section-boxed elementor-section-height-default elementor-section-height-default\" data-id=\"50637265\" data-element_type=\"section\">\n\t\t\t\t\t\t<div class=\"elementor-container elementor-column-gap-default\">\n\t\t\t\t\t<div class=\"elementor-column elementor-col-100 elementor-top-column elementor-element elementor-element-1989cb46\" data-id=\"1989cb46\" data-element_type=\"column\">\n\t\t\t<div class=\"elementor-widget-wrap elementor-element-populated\">\n\t\t\t\t\t\t<div class=\"elementor-element elementor-element-3e7434e5 elementor-widget elementor-widget-text-editor\" data-id=\"3e7434e5\" data-element_type=\"widget\" data-widget_type=\"text-editor.default\">\n\t\t\t\t<div class=\"elementor-widget-container\">\n\t\t\t\t\t\t\t<p><span style=\"font-weight: 400;\">Depuis un peu plus de six mois, notre jardin est \u00e9galement un refuge officiel \u201cLPO\u201d, qui accueille en plein c\u0153ur de Paris de nombreuses esp\u00e8ces d\u2019oiseaux : pigeons, rouge-gorges, moineaux domestiques, m\u00e9sanges bleues et charbonni\u00e8res, et m\u00eame quelques corbeaux.\u00a0<\/span><\/p><p><span style=\"font-weight: 400;\">Partout dans le jardin, <\/span><span style=\"font-weight: 400;\">Gunnel a dispos\u00e9 des mangeoires, des abreuvoirs, des nichoirs et un bac pour les mottes de terre. Tr\u00e8s vite, la vie s\u2019est d\u00e9velopp\u00e9e\/multipli\u00e9e : abeilles, bourdons, libellules, vers de terre, gu\u00eapes et papillons peuplent d\u00e9sormais ce petit oasis dont Gunnel, Emma et Julia prennent soin. Ces derni\u00e8res, \u00e9covolontaires allemandes durant la saison 2024-2025, soulignent l\u2019impact \u00e9cologique de ce projet. <\/span><i><span style=\"font-weight: 400;\">\u201c<\/span><\/i><i><span style=\"font-weight: 400;\">Je pense que nos petits gestes sont importants, m\u00eame si ce n\u2019est pas \u00e9vident de le r\u00e9aliser, vu qu\u2019il n\u2019y a pas de grands changements imm\u00e9diats\u201d, <\/span><\/i><span style=\"font-weight: 400;\">affirme Emma<\/span><i><span style=\"font-weight: 400;\">. <\/span><\/i><span style=\"font-weight: 400;\">\u201c<\/span><i><span style=\"font-weight: 400;\">Pour moi, le contact avec la nature est primordial. C\u2019est ainsi que les consciences se font petit \u00e0 petit\u201d, <\/span><\/i><span style=\"font-weight: 400;\">ajoute Julia.\u00a0<\/span><\/p><p><span style=\"font-weight: 400;\">Enfin, pour Gunnel, sauver des plantes mal aim\u00e9es et offrir un refuge aux oiseaux en pleine ville sont des moyens essentiels d\u2019agir contre \u201c<\/span><i><span style=\"font-weight: 400;\">la crise du sensible<\/span><\/i><span style=\"font-weight: 400;\">\u201d. Parce qu\u2019il ne s\u2019agit pas seulement de r\u00e9fl\u00e9chir, mais aussi de ressentir. <\/span><i><span style=\"font-weight: 400;\">\u201cLa capacit\u00e9 \u00e0 changer la vie ne doit pas seulement \u00eatre rationnelle et intellectuelle, elle doit \u00eatre aussi sensible. Ici, chaque oiseau qui vient, chaque fleur sauv\u00e9e est une petite victoire contre l\u2019indiff\u00e9rence\u201d. <\/span><\/i><\/p>\t\t\t\t\t\t<\/div>\n\t\t\t\t<\/div>\n\t\t\t\t\t<\/div>\n\t\t<\/div>\n\t\t\t\t\t<\/div>\n\t\t<\/section>\n\t\t\t\t<section class=\"elementor-section elementor-top-section elementor-element elementor-element-10f1385c elementor-section-boxed elementor-section-height-default elementor-section-height-default\" data-id=\"10f1385c\" data-element_type=\"section\">\n\t\t\t\t\t\t<div class=\"elementor-container elementor-column-gap-default\">\n\t\t\t\t\t<div class=\"elementor-column elementor-col-100 elementor-top-column elementor-element elementor-element-5b5f17e6\" data-id=\"5b5f17e6\" data-element_type=\"column\">\n\t\t\t<div class=\"elementor-widget-wrap elementor-element-populated\">\n\t\t\t\t\t\t\t<\/div>\n\t\t<\/div>\n\t\t\t\t\t<\/div>\n\t\t<\/section>\n\t\t\t\t<\/div>\n\t\t","protected":false},"excerpt":{"rendered":"<p>Depuis l\u2019\u00e9t\u00e9 2023, la cour de l\u2019espace Jemmapes s\u2019est peu \u00e0 peu transform\u00e9e en jardin. Baptis\u00e9 \u201cTerres de Jemmapes : les jolies pousses du Canal\u201d, ce lieu de d\u00e9tente, ouvert \u00e0 toutes et \u00e0 tous, h\u00e9berge un grand nombre de v\u00e9g\u00e9taux initialement destin\u00e9s \u00e0 l&rsquo;abandon. Il est \u00e9galement un refuge labellis\u00e9 \u201cLigue de la Protection [&hellip;]<\/p>\n","protected":false},"author":13,"featured_media":16590,"comment_status":"closed","ping_status":"open","sticky":false,"template":"","format":"standard","meta":{"_acf_changed":false,"give_campaign_id":0,"footnotes":""},"categories":[82,147,149],"tags":[],"class_list":["post-16585","post","type-post","status-publish","format-standard","has-post-thumbnail","hentry","category-journal","category-n2","category-vie-associative"],"acf":[],"yoast_head":"<!-- This site is optimized with the Yoast SEO plugin v27.5 - https:\/\/yoast.com\/product\/yoast-seo-wordpress\/ -->\n<title>Terres de Jemmapes : un coin de verdure en plein c\u0153ur de Paris - CRL10<\/title>\n<meta name=\"description\" content=\"Notre jardin \u201cTerres de Jemmapes\u201d offre un refuge aux plantes abandonn\u00e9es et aux oiseaux en plein c\u0153ur de Paris.\" \/>\n<meta name=\"robots\" content=\"index, follow, max-snippet:-1, max-image-preview:large, max-video-preview:-1\" \/>\n<link rel=\"canonical\" href=\"https:\/\/www.crl10.net\/index.php\/2025\/09\/09\/terres-de-jemmapes-un-coin-de-verdure-en-plein-coeur-de-paris\/\" \/>\n<meta property=\"og:locale\" content=\"fr_FR\" \/>\n<meta property=\"og:type\" content=\"article\" \/>\n<meta property=\"og:title\" content=\"Terres de Jemmapes : un coin de verdure en plein c\u0153ur de Paris - CRL10\" \/>\n<meta property=\"og:description\" content=\"Notre jardin \u201cTerres de Jemmapes\u201d offre un refuge aux plantes abandonn\u00e9es et aux oiseaux en plein c\u0153ur de Paris.\" \/>\n<meta property=\"og:url\" content=\"https:\/\/www.crl10.net\/index.php\/2025\/09\/09\/terres-de-jemmapes-un-coin-de-verdure-en-plein-coeur-de-paris\/\" \/>\n<meta property=\"og:site_name\" content=\"CRL10\" \/>\n<meta property=\"article:publisher\" content=\"https:\/\/www.facebook.com\/assocrl10\" \/>\n<meta property=\"article:published_time\" content=\"2025-09-09T12:53:35+00:00\" \/>\n<meta property=\"article:modified_time\" content=\"2025-09-17T15:07:47+00:00\" \/>\n<meta property=\"og:image\" content=\"https:\/\/www.crl10.net\/wp-content\/uploads\/2025\/09\/Photo-bonne-du-jardin-1-scaled.jpg\" \/>\n\t<meta property=\"og:image:width\" content=\"2560\" \/>\n\t<meta property=\"og:image:height\" content=\"1707\" \/>\n\t<meta property=\"og:image:type\" content=\"image\/jpeg\" \/>\n<meta name=\"author\" content=\"Claire Vlahopoulos\" \/>\n<meta name=\"twitter:card\" content=\"summary_large_image\" \/>\n<meta name=\"twitter:label1\" content=\"\u00c9crit par\" \/>\n\t<meta name=\"twitter:data1\" content=\"Claire Vlahopoulos\" \/>\n\t<meta name=\"twitter:label2\" content=\"Dur\u00e9e de lecture estim\u00e9e\" \/>\n\t<meta name=\"twitter:data2\" content=\"3 minutes\" \/>\n<script type=\"application\/ld+json\" class=\"yoast-schema-graph\">{\"@context\":\"https:\\\/\\\/schema.org\",\"@graph\":[{\"@type\":\"Article\",\"@id\":\"https:\\\/\\\/www.crl10.net\\\/index.php\\\/2025\\\/09\\\/09\\\/terres-de-jemmapes-un-coin-de-verdure-en-plein-coeur-de-paris\\\/#article\",\"isPartOf\":{\"@id\":\"https:\\\/\\\/www.crl10.net\\\/index.php\\\/2025\\\/09\\\/09\\\/terres-de-jemmapes-un-coin-de-verdure-en-plein-coeur-de-paris\\\/\"},\"author\":{\"name\":\"Claire Vlahopoulos\",\"@id\":\"https:\\\/\\\/www.crl10.net\\\/#\\\/schema\\\/person\\\/a67611b8840d96476319970203b79923\"},\"headline\":\"Terres de Jemmapes : un coin de verdure en plein c\u0153ur de Paris\",\"datePublished\":\"2025-09-09T12:53:35+00:00\",\"dateModified\":\"2025-09-17T15:07:47+00:00\",\"mainEntityOfPage\":{\"@id\":\"https:\\\/\\\/www.crl10.net\\\/index.php\\\/2025\\\/09\\\/09\\\/terres-de-jemmapes-un-coin-de-verdure-en-plein-coeur-de-paris\\\/\"},\"wordCount\":498,\"publisher\":{\"@id\":\"https:\\\/\\\/www.crl10.net\\\/#organization\"},\"image\":{\"@id\":\"https:\\\/\\\/www.crl10.net\\\/index.php\\\/2025\\\/09\\\/09\\\/terres-de-jemmapes-un-coin-de-verdure-en-plein-coeur-de-paris\\\/#primaryimage\"},\"thumbnailUrl\":\"https:\\\/\\\/www.crl10.net\\\/wp-content\\\/uploads\\\/2025\\\/09\\\/Photo-bonne-du-jardin-1-scaled.jpg\",\"articleSection\":[\"Journal\",\"n\u00b02\",\"Vie associative\"],\"inLanguage\":\"fr-FR\"},{\"@type\":\"WebPage\",\"@id\":\"https:\\\/\\\/www.crl10.net\\\/index.php\\\/2025\\\/09\\\/09\\\/terres-de-jemmapes-un-coin-de-verdure-en-plein-coeur-de-paris\\\/\",\"url\":\"https:\\\/\\\/www.crl10.net\\\/index.php\\\/2025\\\/09\\\/09\\\/terres-de-jemmapes-un-coin-de-verdure-en-plein-coeur-de-paris\\\/\",\"name\":\"Terres de Jemmapes : un coin de verdure en plein c\u0153ur de Paris - CRL10\",\"isPartOf\":{\"@id\":\"https:\\\/\\\/www.crl10.net\\\/#website\"},\"primaryImageOfPage\":{\"@id\":\"https:\\\/\\\/www.crl10.net\\\/index.php\\\/2025\\\/09\\\/09\\\/terres-de-jemmapes-un-coin-de-verdure-en-plein-coeur-de-paris\\\/#primaryimage\"},\"image\":{\"@id\":\"https:\\\/\\\/www.crl10.net\\\/index.php\\\/2025\\\/09\\\/09\\\/terres-de-jemmapes-un-coin-de-verdure-en-plein-coeur-de-paris\\\/#primaryimage\"},\"thumbnailUrl\":\"https:\\\/\\\/www.crl10.net\\\/wp-content\\\/uploads\\\/2025\\\/09\\\/Photo-bonne-du-jardin-1-scaled.jpg\",\"datePublished\":\"2025-09-09T12:53:35+00:00\",\"dateModified\":\"2025-09-17T15:07:47+00:00\",\"description\":\"Notre jardin \u201cTerres de Jemmapes\u201d offre un refuge aux plantes abandonn\u00e9es et aux oiseaux en plein c\u0153ur de Paris.\",\"breadcrumb\":{\"@id\":\"https:\\\/\\\/www.crl10.net\\\/index.php\\\/2025\\\/09\\\/09\\\/terres-de-jemmapes-un-coin-de-verdure-en-plein-coeur-de-paris\\\/#breadcrumb\"},\"inLanguage\":\"fr-FR\",\"potentialAction\":[{\"@type\":\"ReadAction\",\"target\":[\"https:\\\/\\\/www.crl10.net\\\/index.php\\\/2025\\\/09\\\/09\\\/terres-de-jemmapes-un-coin-de-verdure-en-plein-coeur-de-paris\\\/\"]}]},{\"@type\":\"ImageObject\",\"inLanguage\":\"fr-FR\",\"@id\":\"https:\\\/\\\/www.crl10.net\\\/index.php\\\/2025\\\/09\\\/09\\\/terres-de-jemmapes-un-coin-de-verdure-en-plein-coeur-de-paris\\\/#primaryimage\",\"url\":\"https:\\\/\\\/www.crl10.net\\\/wp-content\\\/uploads\\\/2025\\\/09\\\/Photo-bonne-du-jardin-1-scaled.jpg\",\"contentUrl\":\"https:\\\/\\\/www.crl10.net\\\/wp-content\\\/uploads\\\/2025\\\/09\\\/Photo-bonne-du-jardin-1-scaled.jpg\",\"width\":2560,\"height\":1707},{\"@type\":\"BreadcrumbList\",\"@id\":\"https:\\\/\\\/www.crl10.net\\\/index.php\\\/2025\\\/09\\\/09\\\/terres-de-jemmapes-un-coin-de-verdure-en-plein-coeur-de-paris\\\/#breadcrumb\",\"itemListElement\":[{\"@type\":\"ListItem\",\"position\":1,\"name\":\"Accueil\",\"item\":\"https:\\\/\\\/www.crl10.net\\\/\"},{\"@type\":\"ListItem\",\"position\":2,\"name\":\"Terres de Jemmapes : un coin de verdure en plein c\u0153ur de Paris\"}]},{\"@type\":\"WebSite\",\"@id\":\"https:\\\/\\\/www.crl10.net\\\/#website\",\"url\":\"https:\\\/\\\/www.crl10.net\\\/\",\"name\":\"CRL10\",\"description\":\"Education populaire, Paris 10e\",\"publisher\":{\"@id\":\"https:\\\/\\\/www.crl10.net\\\/#organization\"},\"potentialAction\":[{\"@type\":\"SearchAction\",\"target\":{\"@type\":\"EntryPoint\",\"urlTemplate\":\"https:\\\/\\\/www.crl10.net\\\/?s={search_term_string}\"},\"query-input\":{\"@type\":\"PropertyValueSpecification\",\"valueRequired\":true,\"valueName\":\"search_term_string\"}}],\"inLanguage\":\"fr-FR\"},{\"@type\":\"Organization\",\"@id\":\"https:\\\/\\\/www.crl10.net\\\/#organization\",\"name\":\"CRL10\",\"url\":\"https:\\\/\\\/www.crl10.net\\\/\",\"logo\":{\"@type\":\"ImageObject\",\"inLanguage\":\"fr-FR\",\"@id\":\"https:\\\/\\\/www.crl10.net\\\/#\\\/schema\\\/logo\\\/image\\\/\",\"url\":\"https:\\\/\\\/www.crl10.net\\\/wp-content\\\/uploads\\\/2022\\\/07\\\/CRL_logo_site.jpg\",\"contentUrl\":\"https:\\\/\\\/www.crl10.net\\\/wp-content\\\/uploads\\\/2022\\\/07\\\/CRL_logo_site.jpg\",\"width\":350,\"height\":100,\"caption\":\"CRL10\"},\"image\":{\"@id\":\"https:\\\/\\\/www.crl10.net\\\/#\\\/schema\\\/logo\\\/image\\\/\"},\"sameAs\":[\"https:\\\/\\\/www.facebook.com\\\/assocrl10\",\"https:\\\/\\\/www.instagram.com\\\/asso_crl10\\\/\",\"https:\\\/\\\/www.youtube.com\\\/@asso_crl10\",\"https:\\\/\\\/www.linkedin.com\\\/company\\\/crl10\\\/\",\"https:\\\/\\\/soundcloud.com\\\/user-291561763\",\"https:\\\/\\\/www.tiktok.com\\\/@asso_crl10\"]},{\"@type\":\"Person\",\"@id\":\"https:\\\/\\\/www.crl10.net\\\/#\\\/schema\\\/person\\\/a67611b8840d96476319970203b79923\",\"name\":\"Claire Vlahopoulos\",\"image\":{\"@type\":\"ImageObject\",\"inLanguage\":\"fr-FR\",\"@id\":\"https:\\\/\\\/secure.gravatar.com\\\/avatar\\\/30ae35b06449fada183c7d5126ae88133cac2237707c3ac2be917caaa06843b5?s=96&d=mm&r=g\",\"url\":\"https:\\\/\\\/secure.gravatar.com\\\/avatar\\\/30ae35b06449fada183c7d5126ae88133cac2237707c3ac2be917caaa06843b5?s=96&d=mm&r=g\",\"contentUrl\":\"https:\\\/\\\/secure.gravatar.com\\\/avatar\\\/30ae35b06449fada183c7d5126ae88133cac2237707c3ac2be917caaa06843b5?s=96&d=mm&r=g\",\"caption\":\"Claire Vlahopoulos\"},\"url\":\"https:\\\/\\\/www.crl10.net\\\/index.php\\\/author\\\/claire\\\/\"}]}<\/script>\n<!-- \/ Yoast SEO plugin. -->","yoast_head_json":{"title":"Terres de Jemmapes : un coin de verdure en plein c\u0153ur de Paris - CRL10","description":"Notre jardin \u201cTerres de Jemmapes\u201d offre un refuge aux plantes abandonn\u00e9es et aux oiseaux en plein c\u0153ur de Paris.","robots":{"index":"index","follow":"follow","max-snippet":"max-snippet:-1","max-image-preview":"max-image-preview:large","max-video-preview":"max-video-preview:-1"},"canonical":"https:\/\/www.crl10.net\/index.php\/2025\/09\/09\/terres-de-jemmapes-un-coin-de-verdure-en-plein-coeur-de-paris\/","og_locale":"fr_FR","og_type":"article","og_title":"Terres de Jemmapes : un coin de verdure en plein c\u0153ur de Paris - CRL10","og_description":"Notre jardin \u201cTerres de Jemmapes\u201d offre un refuge aux plantes abandonn\u00e9es et aux oiseaux en plein c\u0153ur de Paris.","og_url":"https:\/\/www.crl10.net\/index.php\/2025\/09\/09\/terres-de-jemmapes-un-coin-de-verdure-en-plein-coeur-de-paris\/","og_site_name":"CRL10","article_publisher":"https:\/\/www.facebook.com\/assocrl10","article_published_time":"2025-09-09T12:53:35+00:00","article_modified_time":"2025-09-17T15:07:47+00:00","og_image":[{"width":2560,"height":1707,"url":"https:\/\/www.crl10.net\/wp-content\/uploads\/2025\/09\/Photo-bonne-du-jardin-1-scaled.jpg","type":"image\/jpeg"}],"author":"Claire Vlahopoulos","twitter_card":"summary_large_image","twitter_misc":{"\u00c9crit par":"Claire Vlahopoulos","Dur\u00e9e de lecture estim\u00e9e":"3 minutes"},"schema":{"@context":"https:\/\/schema.org","@graph":[{"@type":"Article","@id":"https:\/\/www.crl10.net\/index.php\/2025\/09\/09\/terres-de-jemmapes-un-coin-de-verdure-en-plein-coeur-de-paris\/#article","isPartOf":{"@id":"https:\/\/www.crl10.net\/index.php\/2025\/09\/09\/terres-de-jemmapes-un-coin-de-verdure-en-plein-coeur-de-paris\/"},"author":{"name":"Claire Vlahopoulos","@id":"https:\/\/www.crl10.net\/#\/schema\/person\/a67611b8840d96476319970203b79923"},"headline":"Terres de Jemmapes : un coin de verdure en plein c\u0153ur de Paris","datePublished":"2025-09-09T12:53:35+00:00","dateModified":"2025-09-17T15:07:47+00:00","mainEntityOfPage":{"@id":"https:\/\/www.crl10.net\/index.php\/2025\/09\/09\/terres-de-jemmapes-un-coin-de-verdure-en-plein-coeur-de-paris\/"},"wordCount":498,"publisher":{"@id":"https:\/\/www.crl10.net\/#organization"},"image":{"@id":"https:\/\/www.crl10.net\/index.php\/2025\/09\/09\/terres-de-jemmapes-un-coin-de-verdure-en-plein-coeur-de-paris\/#primaryimage"},"thumbnailUrl":"https:\/\/www.crl10.net\/wp-content\/uploads\/2025\/09\/Photo-bonne-du-jardin-1-scaled.jpg","articleSection":["Journal","n\u00b02","Vie associative"],"inLanguage":"fr-FR"},{"@type":"WebPage","@id":"https:\/\/www.crl10.net\/index.php\/2025\/09\/09\/terres-de-jemmapes-un-coin-de-verdure-en-plein-coeur-de-paris\/","url":"https:\/\/www.crl10.net\/index.php\/2025\/09\/09\/terres-de-jemmapes-un-coin-de-verdure-en-plein-coeur-de-paris\/","name":"Terres de Jemmapes : un coin de verdure en plein c\u0153ur de Paris - CRL10","isPartOf":{"@id":"https:\/\/www.crl10.net\/#website"},"primaryImageOfPage":{"@id":"https:\/\/www.crl10.net\/index.php\/2025\/09\/09\/terres-de-jemmapes-un-coin-de-verdure-en-plein-coeur-de-paris\/#primaryimage"},"image":{"@id":"https:\/\/www.crl10.net\/index.php\/2025\/09\/09\/terres-de-jemmapes-un-coin-de-verdure-en-plein-coeur-de-paris\/#primaryimage"},"thumbnailUrl":"https:\/\/www.crl10.net\/wp-content\/uploads\/2025\/09\/Photo-bonne-du-jardin-1-scaled.jpg","datePublished":"2025-09-09T12:53:35+00:00","dateModified":"2025-09-17T15:07:47+00:00","description":"Notre jardin \u201cTerres de Jemmapes\u201d offre un refuge aux plantes abandonn\u00e9es et aux oiseaux en plein c\u0153ur de Paris.","breadcrumb":{"@id":"https:\/\/www.crl10.net\/index.php\/2025\/09\/09\/terres-de-jemmapes-un-coin-de-verdure-en-plein-coeur-de-paris\/#breadcrumb"},"inLanguage":"fr-FR","potentialAction":[{"@type":"ReadAction","target":["https:\/\/www.crl10.net\/index.php\/2025\/09\/09\/terres-de-jemmapes-un-coin-de-verdure-en-plein-coeur-de-paris\/"]}]},{"@type":"ImageObject","inLanguage":"fr-FR","@id":"https:\/\/www.crl10.net\/index.php\/2025\/09\/09\/terres-de-jemmapes-un-coin-de-verdure-en-plein-coeur-de-paris\/#primaryimage","url":"https:\/\/www.crl10.net\/wp-content\/uploads\/2025\/09\/Photo-bonne-du-jardin-1-scaled.jpg","contentUrl":"https:\/\/www.crl10.net\/wp-content\/uploads\/2025\/09\/Photo-bonne-du-jardin-1-scaled.jpg","width":2560,"height":1707},{"@type":"BreadcrumbList","@id":"https:\/\/www.crl10.net\/index.php\/2025\/09\/09\/terres-de-jemmapes-un-coin-de-verdure-en-plein-coeur-de-paris\/#breadcrumb","itemListElement":[{"@type":"ListItem","position":1,"name":"Accueil","item":"https:\/\/www.crl10.net\/"},{"@type":"ListItem","position":2,"name":"Terres de Jemmapes : un coin de verdure en plein c\u0153ur de Paris"}]},{"@type":"WebSite","@id":"https:\/\/www.crl10.net\/#website","url":"https:\/\/www.crl10.net\/","name":"CRL10","description":"Education populaire, Paris 10e","publisher":{"@id":"https:\/\/www.crl10.net\/#organization"},"potentialAction":[{"@type":"SearchAction","target":{"@type":"EntryPoint","urlTemplate":"https:\/\/www.crl10.net\/?s={search_term_string}"},"query-input":{"@type":"PropertyValueSpecification","valueRequired":true,"valueName":"search_term_string"}}],"inLanguage":"fr-FR"},{"@type":"Organization","@id":"https:\/\/www.crl10.net\/#organization","name":"CRL10","url":"https:\/\/www.crl10.net\/","logo":{"@type":"ImageObject","inLanguage":"fr-FR","@id":"https:\/\/www.crl10.net\/#\/schema\/logo\/image\/","url":"https:\/\/www.crl10.net\/wp-content\/uploads\/2022\/07\/CRL_logo_site.jpg","contentUrl":"https:\/\/www.crl10.net\/wp-content\/uploads\/2022\/07\/CRL_logo_site.jpg","width":350,"height":100,"caption":"CRL10"},"image":{"@id":"https:\/\/www.crl10.net\/#\/schema\/logo\/image\/"},"sameAs":["https:\/\/www.facebook.com\/assocrl10","https:\/\/www.instagram.com\/asso_crl10\/","https:\/\/www.youtube.com\/@asso_crl10","https:\/\/www.linkedin.com\/company\/crl10\/","https:\/\/soundcloud.com\/user-291561763","https:\/\/www.tiktok.com\/@asso_crl10"]},{"@type":"Person","@id":"https:\/\/www.crl10.net\/#\/schema\/person\/a67611b8840d96476319970203b79923","name":"Claire Vlahopoulos","image":{"@type":"ImageObject","inLanguage":"fr-FR","@id":"https:\/\/secure.gravatar.com\/avatar\/30ae35b06449fada183c7d5126ae88133cac2237707c3ac2be917caaa06843b5?s=96&d=mm&r=g","url":"https:\/\/secure.gravatar.com\/avatar\/30ae35b06449fada183c7d5126ae88133cac2237707c3ac2be917caaa06843b5?s=96&d=mm&r=g","contentUrl":"https:\/\/secure.gravatar.com\/avatar\/30ae35b06449fada183c7d5126ae88133cac2237707c3ac2be917caaa06843b5?s=96&d=mm&r=g","caption":"Claire Vlahopoulos"},"url":"https:\/\/www.crl10.net\/index.php\/author\/claire\/"}]}},"_links":{"self":[{"href":"https:\/\/www.crl10.net\/index.php\/wp-json\/wp\/v2\/posts\/16585","targetHints":{"allow":["GET"]}}],"collection":[{"href":"https:\/\/www.crl10.net\/index.php\/wp-json\/wp\/v2\/posts"}],"about":[{"href":"https:\/\/www.crl10.net\/index.php\/wp-json\/wp\/v2\/types\/post"}],"author":[{"embeddable":true,"href":"https:\/\/www.crl10.net\/index.php\/wp-json\/wp\/v2\/users\/13"}],"replies":[{"embeddable":true,"href":"https:\/\/www.crl10.net\/index.php\/wp-json\/wp\/v2\/comments?post=16585"}],"version-history":[{"count":7,"href":"https:\/\/www.crl10.net\/index.php\/wp-json\/wp\/v2\/posts\/16585\/revisions"}],"predecessor-version":[{"id":16655,"href":"https:\/\/www.crl10.net\/index.php\/wp-json\/wp\/v2\/posts\/16585\/revisions\/16655"}],"wp:featuredmedia":[{"embeddable":true,"href":"https:\/\/www.crl10.net\/index.php\/wp-json\/wp\/v2\/media\/16590"}],"wp:attachment":[{"href":"https:\/\/www.crl10.net\/index.php\/wp-json\/wp\/v2\/media?parent=16585"}],"wp:term":[{"taxonomy":"category","embeddable":true,"href":"https:\/\/www.crl10.net\/index.php\/wp-json\/wp\/v2\/categories?post=16585"},{"taxonomy":"post_tag","embeddable":true,"href":"https:\/\/www.crl10.net\/index.php\/wp-json\/wp\/v2\/tags?post=16585"}],"curies":[{"name":"wp","href":"https:\/\/api.w.org\/{rel}","templated":true}]}}